{"id":2483,"date":"2026-04-30T08:24:18","date_gmt":"2026-04-30T06:24:18","guid":{"rendered":"https:\/\/fizyka.ujk.edu.pl\/?p=2483"},"modified":"2026-04-30T08:24:18","modified_gmt":"2026-04-30T06:24:18","slug":"podziekowania-dla-studentow-za-udzial-w-kieleckich-dniach-informatyki","status":"publish","type":"post","link":"https:\/\/fizyka.ujk.edu.pl\/index.php\/2026\/04\/30\/podziekowania-dla-studentow-za-udzial-w-kieleckich-dniach-informatyki\/","title":{"rendered":"Podzi\u0119kowania dla student\u00f3w za udzia\u0142 w Kieleckich Dniach Informatyki!"},"content":{"rendered":"<p>Dyrekcja Instytutu Fizyki Uniwersytetu Jana Kochanowskiego w Kielcach serdecznie dzi\u0119kuje wszystkim Studentom, kt\u00f3rzy z zaanga\u017cowaniem reprezentowali nasz Uniwersytet podczas Kieleckich Dni Informatyki 2026. Wasza obecno\u015b\u0107, energia i profesjonalizm s\u0105 dla nas ogromnym powodem do dumy. Cieszymy si\u0119, \u017ce wsp\u00f3lnie mo\u017cemy budowa\u0107 spo\u0142eczno\u015b\u0107 pasjonat\u00f3w nowych technologii i inspirowa\u0107 innych do rozwoju.<\/p>\n<p>Dzi\u0119kujemy za Wasz wk\u0142ad i liczymy na kolejne wsp\u00f3lne inicjatywy!<\/p>\n<p>Dyrekcja IF UJK<\/p>\n","protected":false},"excerpt":{"rendered":"<p>Dyrekcja Instytutu Fizyki Uniwersytetu Jana Kochanowskiego w Kielcach serdecznie dzi\u0119kuje wszystkim Studentom, kt\u00f3rzy z zaanga\u017cowaniem reprezentowali nasz Uniwersytet podczas Kieleckich Dni Informatyki 2026. Wasza obecno\u015b\u0107, energia i profesjonalizm s\u0105 dla nas ogromnym powodem do dumy. Cieszymy si\u0119, \u017ce wsp\u00f3lnie mo\u017cemy budowa\u0107 spo\u0142eczno\u015b\u0107 pasjonat\u00f3w nowych technologii i inspirowa\u0107 innych do rozwoju. Dzi\u0119kujemy za Wasz wk\u0142ad i [&hellip;]<\/p>\n","protected":false},"author":1,"featured_media":2484,"comment_status":"closed","ping_status":"open","sticky":false,"template":"","format":"standard","meta":{"footnotes":""},"categories":[21,23],"tags":[],"class_list":["post-2483","post","type-post","status-publish","format-standard","has-post-thumbnail","hentry","category-duzy-lewa","category-napis"],"_links":{"self":[{"href":"https:\/\/fizyka.ujk.edu.pl\/index.php\/wp-json\/wp\/v2\/posts\/2483","targetHints":{"allow":["GET"]}}],"collection":[{"href":"https:\/\/fizyka.ujk.edu.pl\/index.php\/wp-json\/wp\/v2\/posts"}],"about":[{"href":"https:\/\/fizyka.ujk.edu.pl\/index.php\/wp-json\/wp\/v2\/types\/post"}],"author":[{"embeddable":true,"href":"https:\/\/fizyka.ujk.edu.pl\/index.php\/wp-json\/wp\/v2\/users\/1"}],"replies":[{"embeddable":true,"href":"https:\/\/fizyka.ujk.edu.pl\/index.php\/wp-json\/wp\/v2\/comments?post=2483"}],"version-history":[{"count":1,"href":"https:\/\/fizyka.ujk.edu.pl\/index.php\/wp-json\/wp\/v2\/posts\/2483\/revisions"}],"predecessor-version":[{"id":2485,"href":"https:\/\/fizyka.ujk.edu.pl\/index.php\/wp-json\/wp\/v2\/posts\/2483\/revisions\/2485"}],"wp:featuredmedia":[{"embeddable":true,"href":"https:\/\/fizyka.ujk.edu.pl\/index.php\/wp-json\/wp\/v2\/media\/2484"}],"wp:attachment":[{"href":"https:\/\/fizyka.ujk.edu.pl\/index.php\/wp-json\/wp\/v2\/media?parent=2483"}],"wp:term":[{"taxonomy":"category","embeddable":true,"href":"https:\/\/fizyka.ujk.edu.pl\/index.php\/wp-json\/wp\/v2\/categories?post=2483"},{"taxonomy":"post_tag","embeddable":true,"href":"https:\/\/fizyka.ujk.edu.pl\/index.php\/wp-json\/wp\/v2\/tags?post=2483"}],"curies":[{"name":"wp","href":"https:\/\/api.w.org\/{rel}","templated":true}]}}