{"id":2434,"date":"2026-04-20T14:24:01","date_gmt":"2026-04-20T12:24:01","guid":{"rendered":"https:\/\/fizyka.ujk.edu.pl\/?p=2434"},"modified":"2026-04-21T09:17:46","modified_gmt":"2026-04-21T07:17:46","slug":"fizyka-dla-medyka","status":"publish","type":"post","link":"https:\/\/fizyka.ujk.edu.pl\/index.php\/2026\/04\/20\/fizyka-dla-medyka\/","title":{"rendered":"Fizyka dla medyka!"},"content":{"rendered":"<div class=\"container\">\n<div class=\"row\">\n<div class=\"col-md-6 col-6\"><a href=\"https:\/\/fizyka.ujk.edu.pl\/wp-content\/uploads\/2026\/04\/FD4DB163-459F-43AF-8ABA-97DBFF8DC60E-1.jpeg\"><img loading=\"lazy\" decoding=\"async\" class=\"alignright size-full wp-image-2447\" src=\"https:\/\/fizyka.ujk.edu.pl\/wp-content\/uploads\/2026\/04\/FD4DB163-459F-43AF-8ABA-97DBFF8DC60E-1.jpeg\" alt=\"\" width=\"2048\" height=\"1536\" srcset=\"https:\/\/fizyka.ujk.edu.pl\/wp-content\/uploads\/2026\/04\/FD4DB163-459F-43AF-8ABA-97DBFF8DC60E-1.jpeg 2048w, https:\/\/fizyka.ujk.edu.pl\/wp-content\/uploads\/2026\/04\/FD4DB163-459F-43AF-8ABA-97DBFF8DC60E-1-300x225.jpeg 300w, https:\/\/fizyka.ujk.edu.pl\/wp-content\/uploads\/2026\/04\/FD4DB163-459F-43AF-8ABA-97DBFF8DC60E-1-1024x768.jpeg 1024w, https:\/\/fizyka.ujk.edu.pl\/wp-content\/uploads\/2026\/04\/FD4DB163-459F-43AF-8ABA-97DBFF8DC60E-1-768x576.jpeg 768w, https:\/\/fizyka.ujk.edu.pl\/wp-content\/uploads\/2026\/04\/FD4DB163-459F-43AF-8ABA-97DBFF8DC60E-1-1536x1152.jpeg 1536w\" sizes=\"auto, (max-width: 2048px) 100vw, 2048px\" \/><\/a><\/div>\n<div class=\"col-md-6 col-6\"><a href=\"https:\/\/fizyka.ujk.edu.pl\/wp-content\/uploads\/2026\/04\/IMG_1923-scaled.jpeg\"><img loading=\"lazy\" decoding=\"async\" class=\"alignright size-full wp-image-2437\" src=\"https:\/\/fizyka.ujk.edu.pl\/wp-content\/uploads\/2026\/04\/IMG_1923-scaled.jpeg\" alt=\"\" width=\"2560\" height=\"1920\" srcset=\"https:\/\/fizyka.ujk.edu.pl\/wp-content\/uploads\/2026\/04\/IMG_1923-scaled.jpeg 2560w, https:\/\/fizyka.ujk.edu.pl\/wp-content\/uploads\/2026\/04\/IMG_1923-300x225.jpeg 300w, https:\/\/fizyka.ujk.edu.pl\/wp-content\/uploads\/2026\/04\/IMG_1923-1024x768.jpeg 1024w, https:\/\/fizyka.ujk.edu.pl\/wp-content\/uploads\/2026\/04\/IMG_1923-768x576.jpeg 768w, https:\/\/fizyka.ujk.edu.pl\/wp-content\/uploads\/2026\/04\/IMG_1923-1536x1152.jpeg 1536w, https:\/\/fizyka.ujk.edu.pl\/wp-content\/uploads\/2026\/04\/IMG_1923-2048x1536.jpeg 2048w\" sizes=\"auto, (max-width: 2560px) 100vw, 2560px\" \/><\/a><\/div>\n<\/div>\n<\/div>\n<p>&nbsp;<\/p>\n<h3>SUKCES STUDENTEK INSTYTUTU FIZYKI NA KONFERENCJI FIZYKA DLA MEDYKA!<\/h3>\n<p>&nbsp;<\/p>\n<p>SUKCES STUDENTEK INSTYTUTU FIZYKI NA KONFERENCJI FIZYKA DLA MEDYKA!<\/p>\n<p>W dniach <span style=\"color: #333399;\">18-19 kwietnia 2026 r. <\/span>studenci Instytutu Fizyki UJK uczestniczyli w <span style=\"color: #333399;\">XIII Og\u00f3lnopolskiej Konferencji Student\u00f3w Fizyki Medycznej Fizyka Dla Medyka <\/span>organizowanej przez Wydzia\u0142 Fizyki i Informatyki Stosowanej na Akademii G\u00f3rniczo-Hutniczej im. Stanis\u0142awa Staszica w\u202fKrakowie. FIZYKA DLA MEDYKA to coroczne spotkanie m\u0142odych pasjonat\u00f3w nauki \u2013 student\u00f3w oraz doktorant\u00f3w fizyki medycznej, medycyny, in\u017cynierii biomedycznej, informatyki oraz innych, pokrewnych kierunk\u00f3w technicznych i medycznych. Jest to konferencja, kt\u00f3ra zawiera nie tylko wyk\u0142ady wyg\u0142aszane przez wybitnych specjalist\u00f3w fizyki medycznej, ale r\u00f3wnie\u017c prezentuje dokonania student\u00f3w podczas sesji referatowych i plakatowych.<\/p>\n<p>W trakcie konferencji studenci Instytutu Fizyki przedstawili prace:<\/p>\n<p><span style=\"color: #333399;\">&#8211; Badanie zawarto\u015bci pierwiastk\u00f3w w mleku ludzkim i napojach mlecznych za pomoc\u0105 rentgenowskiej analizy fluorescencyjnej z ca\u0142kowitym odbiciem wi\u0105zki padaj\u0105cej (TXRF) \u2013 <span style=\"text-decoration: underline;\">Wiktoria Pedrycz, Weronika W\u00f3jcik<\/span> <\/span>(II rok Systemy diagnostyczne w medycynie, studia licencjackie), opiekunowie naukowi dr Ilona Stabrawa, dr hab. Aldona Kubala-Kuku\u015b, prof. UJK.<\/p>\n<p><span style=\"color: #333399;\">&#8211; Kontrola jako\u015bci procesu planowania leczenia w radioterapii &#8211; wybrane przyk\u0142ady praktyczne \u2013 <span style=\"text-decoration: underline;\">Natalia Wojta\u015b<\/span> <\/span>(I rok Fizyki medyczne, studia magisterskie); opiekun naukowy dr hab. Aldona Kubala-Kuku\u015b, prof. UJK.<\/p>\n<p><span style=\"color: #99ccff;\"><span style=\"color: #333399;\">&#8211; Zastosowanie rentgenowskiej analizy fluorescencyjnej z ca\u0142kowitym odbiciem wi\u0105zki padaj\u0105cej (TXRF) do oznaczania pierwiastk\u00f3w w tkankach i p\u0142ynach zwi\u0105zanych z ci\u0105\u017c\u0105 \u2013<\/span><span style=\"text-decoration: underline; color: #333399;\"> Natalia Jagie\u0142o, Oliwia Sob\u00f3l<\/span><\/span> (I rok Fizyki medycznej, studia magisterskie); opiekun naukowy dr Ilona Stabrawa.<\/p>\n<p><span style=\"color: #333399;\">&#8211; Analiza degradacji struktury krystalicznej substancji farmaceutycznych poddanych na\u015bwietlaniu promieniowaniem ultrafioletowym \u2013 Natalia Lifke-Dobrza\u0144ska<\/span> (II rok Fizyki technicznej, studia in\u017cynierskie), Natalia Wojta\u015b (I rok Fizyki medycznej, studia magisterskie); opiekunowie naukowi dr in\u017c. Regina Stachura, dr Ilona Stabrawa.<\/p>\n<p><span style=\"color: #333399;\">&#8211; Analiza zmian st\u0119\u017ce\u0144 pierwiastk\u00f3w w surowicy krwi pacjent\u00f3w z chorobami autoimmunologicznymi metod\u0105 TXRF \u2013 <span style=\"text-decoration: underline;\">Aleksandra Krzemie\u0144, Piotr Terlecki<\/span> <\/span>(III rok Fizyki technicznej, studia in\u017cynierskie), opiekun naukowy dr Ilona Stabrawa.<\/p>\n<p><span style=\"color: #99ccff;\"><span style=\"color: #333399;\">&#8211; Jako\u015bciowa analiza obrazowania kV sto\u017ckowej tomografii komputerowej stosowanej w radioterapii \u2013<\/span><span style=\"text-decoration: underline; color: #333399;\"> Klaudia Gaca<\/span><\/span> (I rok Fizyki medycznej, studia magisterskie); opiekun naukowy dr Andrzej D\u0105browski.<\/p>\n<p><span style=\"color: #333399;\">&#8211; Zastosowanie detektora J-PET do analizy rozpad\u00f3w ortopozytonium oraz bada\u0144 fizyki fundamentalnej \u2013<span style=\"text-decoration: underline;\"> Sandra Kasperek<\/span><\/span> (I rok Fizyki medycznej, studia magisterskie); opiekunowie naukowi prof. dr hab. Francesco Giacosa, dr in\u017c. Milena Piotrowska.<\/p>\n<p><span style=\"color: #333399;\"><strong>Badania naukowe student\u00f3w oraz ich udzia\u0142 w konferencji dofinansowano ze \u015brodk\u00f3w Ministra Nauki w\u202framach Programu \u201eRegionalna inicjatywa doskona\u0142o\u015bci\u201d (nr projektu: RID\/SP\/0015\/2024\/01).<\/strong><\/span><\/p>\n<p><span style=\"color: #800000;\"><strong>Najlepsze wyst\u0105pienia konferencyjne zosta\u0142y nagrodzone. W kategorii referat\u00f3w drugie miejsce zaj\u0119\u0142y studentki <span style=\"text-decoration: underline;\">Wiktoria Pedrycz<\/span> oraz <span style=\"text-decoration: underline;\">Weronika W\u00f3jcik!<\/span><\/strong><\/span><br \/>\n<span style=\"color: #800000;\"><strong>Serdecznie gratulujemy sukcesu! Dzi\u0119kujemy wszystkim studentom oraz opiekunom naukowym!<\/strong><\/span><\/p>\n","protected":false},"excerpt":{"rendered":"<p>&nbsp; SUKCES STUDENTEK INSTYTUTU FIZYKI NA KONFERENCJI FIZYKA DLA MEDYKA! &nbsp; SUKCES STUDENTEK INSTYTUTU FIZYKI NA KONFERENCJI FIZYKA DLA MEDYKA! W dniach 18-19 kwietnia 2026 r. studenci Instytutu Fizyki UJK uczestniczyli w XIII Og\u00f3lnopolskiej Konferencji Student\u00f3w Fizyki Medycznej Fizyka Dla Medyka organizowanej przez Wydzia\u0142 Fizyki i Informatyki Stosowanej na Akademii G\u00f3rniczo-Hutniczej im. Stanis\u0142awa Staszica w\u202fKrakowie. [&hellip;]<\/p>\n","protected":false},"author":1,"featured_media":2437,"comment_status":"closed","ping_status":"open","sticky":false,"template":"page.php","format":"standard","meta":{"footnotes":""},"categories":[21,23],"tags":[],"class_list":["post-2434","post","type-post","status-publish","format-standard","has-post-thumbnail","hentry","category-duzy-lewa","category-napis"],"_links":{"self":[{"href":"https:\/\/fizyka.ujk.edu.pl\/index.php\/wp-json\/wp\/v2\/posts\/2434","targetHints":{"allow":["GET"]}}],"collection":[{"href":"https:\/\/fizyka.ujk.edu.pl\/index.php\/wp-json\/wp\/v2\/posts"}],"about":[{"href":"https:\/\/fizyka.ujk.edu.pl\/index.php\/wp-json\/wp\/v2\/types\/post"}],"author":[{"embeddable":true,"href":"https:\/\/fizyka.ujk.edu.pl\/index.php\/wp-json\/wp\/v2\/users\/1"}],"replies":[{"embeddable":true,"href":"https:\/\/fizyka.ujk.edu.pl\/index.php\/wp-json\/wp\/v2\/comments?post=2434"}],"version-history":[{"count":20,"href":"https:\/\/fizyka.ujk.edu.pl\/index.php\/wp-json\/wp\/v2\/posts\/2434\/revisions"}],"predecessor-version":[{"id":2459,"href":"https:\/\/fizyka.ujk.edu.pl\/index.php\/wp-json\/wp\/v2\/posts\/2434\/revisions\/2459"}],"wp:featuredmedia":[{"embeddable":true,"href":"https:\/\/fizyka.ujk.edu.pl\/index.php\/wp-json\/wp\/v2\/media\/2437"}],"wp:attachment":[{"href":"https:\/\/fizyka.ujk.edu.pl\/index.php\/wp-json\/wp\/v2\/media?parent=2434"}],"wp:term":[{"taxonomy":"category","embeddable":true,"href":"https:\/\/fizyka.ujk.edu.pl\/index.php\/wp-json\/wp\/v2\/categories?post=2434"},{"taxonomy":"post_tag","embeddable":true,"href":"https:\/\/fizyka.ujk.edu.pl\/index.php\/wp-json\/wp\/v2\/tags?post=2434"}],"curies":[{"name":"wp","href":"https:\/\/api.w.org\/{rel}","templated":true}]}}