{"id":2357,"date":"2026-02-09T09:15:43","date_gmt":"2026-02-09T08:15:43","guid":{"rendered":"https:\/\/fizyka.ujk.edu.pl\/?p=2357"},"modified":"2026-02-09T09:30:51","modified_gmt":"2026-02-09T08:30:51","slug":"uroczyste-otwarcie-nowej-pracowni-doswiadczalnej-z-zakresu-fizyki-medycznej","status":"publish","type":"post","link":"https:\/\/fizyka.ujk.edu.pl\/index.php\/2026\/02\/09\/uroczyste-otwarcie-nowej-pracowni-doswiadczalnej-z-zakresu-fizyki-medycznej\/","title":{"rendered":"Uroczyste otwarcie nowej pracowni do\u015bwiadczalnej z zakresu fizyki medycznej"},"content":{"rendered":"<p>W dniu 12 lutego 2026 r. w Instytucie Fizyki Uniwersytetu Jana Kochanowskiego w Kielcach odb\u0119dzie si\u0119 uroczyste otwarcie nowej pracowni do\u015bwiadczalnej z zakresu fizyki medycznej.<\/p>\n<p>Nowa pracownia dydaktyczna zosta\u0142a utworzona w celu wzmocnienia procesu kszta\u0142cenia student\u00f3w na nowo utworzonym kierunku fizyka medyczna oraz poszerzenia mo\u017cliwo\u015bci realizacji zaj\u0119\u0107 praktycznych z wykorzystaniem nowoczesnej infrastruktury dydaktycznej. Jej uruchomienie stanowi kolejny etap dzia\u0142a\u0144 podejmowanych przez Instytut Fizyki na rzecz rozwoju oferty kszta\u0142cenia w obszarze fizyki medycznej.<\/p>\n<p>W ramach wydarzenia zaplanowano m.in. prezentacj\u0119 nowej pracowni dydaktycznej, szkolenie dla nauczycieli akademickich z wykorzystania nowoczesnych tablic interaktywnych, warsztaty dla uczni\u00f3w szk\u00f3\u0142 ponadpodstawowych z wykorzystaniem systemu VERT po\u0142\u0105czone z prezentacj\u0105 wybranych laboratori\u00f3w Instytutu Fizyki wykorzystywanych w kszta\u0142ceniu z zakresu fizyki medycznej, a tak\u017ce studenck\u0105 sesj\u0119 plakatow\u0105.<\/p>\n<p>Wyposa\u017cenie laboratorium zosta\u0142o sfinansowane w ramach projektu \u201eKreator kariery \u2013 zbuduj swoj\u0105 przysz\u0142o\u015b\u0107 zawodow\u0105 z UJK w Kielcach\u201d, realizowanego na podstawie umowy o dofinansowanie nr FERS.01.05-IP.08-0256\/23-00, ze \u015brodk\u00f3w Funduszy Europejskich dla Rozwoju Spo\u0142ecznego 2021\u20132027, wsp\u00f3\u0142finansowanych z Europejskiego Funduszu Spo\u0142ecznego Plus.<\/p>\n<p>Informacje dodatkowe:<\/p>\n<ul>\n<li> dane kontaktowe do organizatora: dr in\u017c. Milena Piotrowska, e-mail: <a href=\"mailto:milena.piotrowska@ujk.edu.pl\">milena.piotrowska@ujk.edu.pl<\/a>, tel. <a href=\"tel:41 349 6454\">41 349 6454<\/a>. <\/li>\n<li> wskaz\u00f3wki dojazdu do Instytutu Fizyki UJK znajduj\u0105 si\u0119 pod linkiem: <a href=\"https:\/\/fizyka.ujk.edu.pl\/index.php\/kontakt\/\">Kontakt<\/a><\/li>\n<li> przy budynku dost\u0119pny jest parking, w tym trzy miejsca parkingowe dla os\u00f3b z niepe\u0142nosprawno\u015bciami. <\/li>\n<li> szczeg\u00f3\u0142owy opis dost\u0119pno\u015bci budynku znajduje si\u0119 pod linkiem: <a href=\"https:\/\/ujk.edu.pl\/uczelnia\/czas-obecny\/dostepnosc-uczelni\/deklaracja-dostepnosci\/\">Deklaracja dost\u0119pno\u015bci \u2013 Uniwersytet Jana Kochanowskiego w Kielcach<\/a> <\/li>\n<\/ul>\n","protected":false},"excerpt":{"rendered":"<p>W dniu 12 lutego 2026 r. w Instytucie Fizyki Uniwersytetu Jana Kochanowskiego w Kielcach odb\u0119dzie si\u0119 uroczyste otwarcie nowej pracowni do\u015bwiadczalnej z zakresu fizyki medycznej. Nowa pracownia dydaktyczna zosta\u0142a utworzona w celu wzmocnienia procesu kszta\u0142cenia student\u00f3w na nowo utworzonym kierunku fizyka medyczna oraz poszerzenia mo\u017cliwo\u015bci realizacji zaj\u0119\u0107 praktycznych z wykorzystaniem nowoczesnej infrastruktury dydaktycznej. Jej uruchomienie [&hellip;]<\/p>\n","protected":false},"author":1,"featured_media":2358,"comment_status":"closed","ping_status":"open","sticky":false,"template":"","format":"standard","meta":{"footnotes":""},"categories":[21],"tags":[],"class_list":["post-2357","post","type-post","status-publish","format-standard","has-post-thumbnail","hentry","category-duzy-lewa"],"_links":{"self":[{"href":"https:\/\/fizyka.ujk.edu.pl\/index.php\/wp-json\/wp\/v2\/posts\/2357","targetHints":{"allow":["GET"]}}],"collection":[{"href":"https:\/\/fizyka.ujk.edu.pl\/index.php\/wp-json\/wp\/v2\/posts"}],"about":[{"href":"https:\/\/fizyka.ujk.edu.pl\/index.php\/wp-json\/wp\/v2\/types\/post"}],"author":[{"embeddable":true,"href":"https:\/\/fizyka.ujk.edu.pl\/index.php\/wp-json\/wp\/v2\/users\/1"}],"replies":[{"embeddable":true,"href":"https:\/\/fizyka.ujk.edu.pl\/index.php\/wp-json\/wp\/v2\/comments?post=2357"}],"version-history":[{"count":8,"href":"https:\/\/fizyka.ujk.edu.pl\/index.php\/wp-json\/wp\/v2\/posts\/2357\/revisions"}],"predecessor-version":[{"id":2366,"href":"https:\/\/fizyka.ujk.edu.pl\/index.php\/wp-json\/wp\/v2\/posts\/2357\/revisions\/2366"}],"wp:featuredmedia":[{"embeddable":true,"href":"https:\/\/fizyka.ujk.edu.pl\/index.php\/wp-json\/wp\/v2\/media\/2358"}],"wp:attachment":[{"href":"https:\/\/fizyka.ujk.edu.pl\/index.php\/wp-json\/wp\/v2\/media?parent=2357"}],"wp:term":[{"taxonomy":"category","embeddable":true,"href":"https:\/\/fizyka.ujk.edu.pl\/index.php\/wp-json\/wp\/v2\/categories?post=2357"},{"taxonomy":"post_tag","embeddable":true,"href":"https:\/\/fizyka.ujk.edu.pl\/index.php\/wp-json\/wp\/v2\/tags?post=2357"}],"curies":[{"name":"wp","href":"https:\/\/api.w.org\/{rel}","templated":true}]}}