{"id":2297,"date":"2025-12-11T21:50:59","date_gmt":"2025-12-11T20:50:59","guid":{"rendered":"https:\/\/fizyka.ujk.edu.pl\/?p=2297"},"modified":"2026-02-16T08:38:08","modified_gmt":"2026-02-16T07:38:08","slug":"zmarl-prof-jacek-semaniak","status":"publish","type":"post","link":"https:\/\/fizyka.ujk.edu.pl\/index.php\/2025\/12\/11\/zmarl-prof-jacek-semaniak\/","title":{"rendered":"Zmar\u0142 prof. Jacek Semaniak"},"content":{"rendered":"<p style=\"text-align: justify\">Z g\u0142\u0119bokim \u017calem i smutkiem zawiadamiamy, \u017ce w dniu 11.12.2025 zmar\u0142 Prof. dr hab. Jacek Semaniak, by\u0142y Rektor Uniwersytetu Jana Kochanowskiego w Kielcach, Prezes G\u0142\u00f3wnego Urz\u0119du Miar. <\/p>\n<p style=\"text-align: justify\">Profesor Jacek Semaniak w 1988 uko\u0144czy\u0142 studia z zakresu fizyki w Instytucie Fizyki na Wydziale Matematyczno-Przyrodniczym Wy\u017cszej Szko\u0142y Pedagogicznej w Kielcach. Doktoryzowa\u0142 si\u0119 w 1995 w Instytucie Problem\u00f3w J\u0105drowych im. Andrzeja So\u0142tana w \u015awierku. Stopie\u0144 naukowy doktora habilitowanego uzyska\u0142 w 2002 na Uniwersytecie, natomiast tytu\u0142 naukowy profesora nauk fizycznych otrzyma\u0142 w 2012 roku.\n<\/p>\n<p style=\"text-align: justify\">\nW dzia\u0142alno\u015bci naukowej Profesor Jacek Semaniak specjalizowa\u0142 si\u0119 w fizyce atomowej i cz\u0105steczkowej. By\u0142 autorem kilkudziesi\u0119ciu publikacji naukowych, w tym artyku\u0142\u00f3w publikowanych m.in. w \u201eNature\u201d, \u201ePhysical Review Letters\u201d, \u201ePhysical Review\u201d, \u201eThe Astrophysical Journal\u201d. Od czas\u00f3w studi\u00f3w i przez ca\u0142\u0105 karier\u0119 naukow\u0105 Profesor Jacek Semaniak zwi\u0105zany by\u0142 z Instytutem Fizyki Wy\u017cszej Szko\u0142y Pedagogicznej, przekszta\u0142conej kolejno w Akademi\u0119 \u015awi\u0119tokrzysk\u0105, Uniwersytet Humanistyczno-Przyrodniczy i Uniwersytet Jana Kochanowskiego w Kielcach. W ostatnich latach, w Instytucie Fizyki Profesor Jacek Semaniak pe\u0142ni\u0142 funkcj\u0119 kierownika Zak\u0142adu Fizyki Medycznej i Biofizyki.\n<\/p>\n<p style=\"text-align: justify\">\nZ naszej strony \u017cegnamy pracownika Instytutu Fizyki UJK, koleg\u0119 i przyjaciela. Doskona\u0142ego naukowca, opiekuna naukowego m\u0142odych naukowc\u00f3w, doktorant\u00f3w, student\u00f3w, dbaj\u0105cego o rozw\u00f3j Instytutu Fizyki.<\/p>\n<p style=\"text-align: justify\">\u017bonie Jadwidze Semaniak, Rodzinie i Bliskim sk\u0142adamy wyrazy g\u0142\u0119bokiego wsp\u00f3\u0142czucia. Dzi\u015b dzi\u0119kujemy za wszelkie dobre dzie\u0142a \u017cycia Profesora Jacka Semaniaka, kt\u00f3re sta\u0142y si\u0119 naszym udzia\u0142em.\n<\/p>\n<p><em><\/p>\n<p style=\"text-align: justify\">\nDyrekcja, Rada Naukowa i pracownicy Instytutu Fizyki Uniwersytetu Jana Kochanowskiego w Kielcach\n<\/p>\n<p><\/em><\/p>\n","protected":false},"excerpt":{"rendered":"<p>Z g\u0142\u0119bokim \u017calem i smutkiem zawiadamiamy, \u017ce w dniu 11.12.2025 zmar\u0142 Prof. dr hab. Jacek Semaniak, by\u0142y Rektor Uniwersytetu Jana Kochanowskiego w Kielcach, Prezes G\u0142\u00f3wnego Urz\u0119du Miar. Profesor Jacek Semaniak w 1988 uko\u0144czy\u0142 studia z zakresu fizyki w Instytucie Fizyki na Wydziale Matematyczno-Przyrodniczym Wy\u017cszej Szko\u0142y Pedagogicznej w Kielcach. Doktoryzowa\u0142 si\u0119 w 1995 w Instytucie Problem\u00f3w [&hellip;]<\/p>\n","protected":false},"author":1,"featured_media":2298,"comment_status":"closed","ping_status":"open","sticky":false,"template":"","format":"standard","meta":{"footnotes":""},"categories":[1],"tags":[],"class_list":["post-2297","post","type-post","status-publish","format-standard","has-post-thumbnail","hentry","category-bez-kategorii"],"_links":{"self":[{"href":"https:\/\/fizyka.ujk.edu.pl\/index.php\/wp-json\/wp\/v2\/posts\/2297","targetHints":{"allow":["GET"]}}],"collection":[{"href":"https:\/\/fizyka.ujk.edu.pl\/index.php\/wp-json\/wp\/v2\/posts"}],"about":[{"href":"https:\/\/fizyka.ujk.edu.pl\/index.php\/wp-json\/wp\/v2\/types\/post"}],"author":[{"embeddable":true,"href":"https:\/\/fizyka.ujk.edu.pl\/index.php\/wp-json\/wp\/v2\/users\/1"}],"replies":[{"embeddable":true,"href":"https:\/\/fizyka.ujk.edu.pl\/index.php\/wp-json\/wp\/v2\/comments?post=2297"}],"version-history":[{"count":9,"href":"https:\/\/fizyka.ujk.edu.pl\/index.php\/wp-json\/wp\/v2\/posts\/2297\/revisions"}],"predecessor-version":[{"id":2305,"href":"https:\/\/fizyka.ujk.edu.pl\/index.php\/wp-json\/wp\/v2\/posts\/2297\/revisions\/2305"}],"wp:featuredmedia":[{"embeddable":true,"href":"https:\/\/fizyka.ujk.edu.pl\/index.php\/wp-json\/wp\/v2\/media\/2298"}],"wp:attachment":[{"href":"https:\/\/fizyka.ujk.edu.pl\/index.php\/wp-json\/wp\/v2\/media?parent=2297"}],"wp:term":[{"taxonomy":"category","embeddable":true,"href":"https:\/\/fizyka.ujk.edu.pl\/index.php\/wp-json\/wp\/v2\/categories?post=2297"},{"taxonomy":"post_tag","embeddable":true,"href":"https:\/\/fizyka.ujk.edu.pl\/index.php\/wp-json\/wp\/v2\/tags?post=2297"}],"curies":[{"name":"wp","href":"https:\/\/api.w.org\/{rel}","templated":true}]}}