{"id":2281,"date":"2025-12-05T09:00:24","date_gmt":"2025-12-05T08:00:24","guid":{"rendered":"https:\/\/fizyka.ujk.edu.pl\/?p=2281"},"modified":"2025-12-05T09:00:24","modified_gmt":"2025-12-05T08:00:24","slug":"galileo-ze-swietokrzyskim-kampusem-laboratoryjnym-glownego-urzedu-miar","status":"publish","type":"post","link":"https:\/\/fizyka.ujk.edu.pl\/index.php\/2025\/12\/05\/galileo-ze-swietokrzyskim-kampusem-laboratoryjnym-glownego-urzedu-miar\/","title":{"rendered":"Galileo ze \u015awi\u0119tokrzyskim Kampusem Laboratoryjnym G\u0142\u00f3wnego Urz\u0119du Miar"},"content":{"rendered":"<p>W dniu 14 grudnia (niedziela) 2025 r. o godz. 9.05 na kanale TV4 odb\u0119dzie si\u0119 emisja odcinka programu Galileo, w kt\u00f3rym zostanie zaprezentowany \u015awi\u0119tokrzyski Kampus Laboratoryjny G\u0142\u00f3wnego Urz\u0119du Miar. Widzowie poznaj\u0105 tajniki pracy naukowc\u00f3w, zajmuj\u0105cych si\u0119 pomiarami i ich dok\u0142adno\u015bci\u0105. W programie b\u0119d\u0105 uczestniczy\u0107 pracownicy Instytutu Fizyki UJK.<\/p>\n<p>Link do opisu odcinka:<br \/>\nhttps:\/\/programtv.onet.pl\/tv\/galileo-sezon-34-odcinek-1170\/i77cp<\/p>\n","protected":false},"excerpt":{"rendered":"<p>W dniu 14 grudnia (niedziela) 2025 r. o godz. 9.05 na kanale TV4 odb\u0119dzie si\u0119 emisja odcinka programu Galileo, w kt\u00f3rym zostanie zaprezentowany \u015awi\u0119tokrzyski Kampus Laboratoryjny G\u0142\u00f3wnego Urz\u0119du Miar. Widzowie poznaj\u0105 tajniki pracy naukowc\u00f3w, zajmuj\u0105cych si\u0119 pomiarami i ich dok\u0142adno\u015bci\u0105. W programie b\u0119d\u0105 uczestniczy\u0107 pracownicy Instytutu Fizyki UJK. Link do opisu odcinka: https:\/\/programtv.onet.pl\/tv\/galileo-sezon-34-odcinek-1170\/i77cp<\/p>\n","protected":false},"author":1,"featured_media":2282,"comment_status":"closed","ping_status":"open","sticky":false,"template":"","format":"standard","meta":{"footnotes":""},"categories":[11,20,8],"tags":[],"class_list":["post-2281","post","type-post","status-publish","format-standard","has-post-thumbnail","hentry","category-informacje","category-bottom","category-aktualnosci"],"_links":{"self":[{"href":"https:\/\/fizyka.ujk.edu.pl\/index.php\/wp-json\/wp\/v2\/posts\/2281","targetHints":{"allow":["GET"]}}],"collection":[{"href":"https:\/\/fizyka.ujk.edu.pl\/index.php\/wp-json\/wp\/v2\/posts"}],"about":[{"href":"https:\/\/fizyka.ujk.edu.pl\/index.php\/wp-json\/wp\/v2\/types\/post"}],"author":[{"embeddable":true,"href":"https:\/\/fizyka.ujk.edu.pl\/index.php\/wp-json\/wp\/v2\/users\/1"}],"replies":[{"embeddable":true,"href":"https:\/\/fizyka.ujk.edu.pl\/index.php\/wp-json\/wp\/v2\/comments?post=2281"}],"version-history":[{"count":1,"href":"https:\/\/fizyka.ujk.edu.pl\/index.php\/wp-json\/wp\/v2\/posts\/2281\/revisions"}],"predecessor-version":[{"id":2283,"href":"https:\/\/fizyka.ujk.edu.pl\/index.php\/wp-json\/wp\/v2\/posts\/2281\/revisions\/2283"}],"wp:featuredmedia":[{"embeddable":true,"href":"https:\/\/fizyka.ujk.edu.pl\/index.php\/wp-json\/wp\/v2\/media\/2282"}],"wp:attachment":[{"href":"https:\/\/fizyka.ujk.edu.pl\/index.php\/wp-json\/wp\/v2\/media?parent=2281"}],"wp:term":[{"taxonomy":"category","embeddable":true,"href":"https:\/\/fizyka.ujk.edu.pl\/index.php\/wp-json\/wp\/v2\/categories?post=2281"},{"taxonomy":"post_tag","embeddable":true,"href":"https:\/\/fizyka.ujk.edu.pl\/index.php\/wp-json\/wp\/v2\/tags?post=2281"}],"curies":[{"name":"wp","href":"https:\/\/api.w.org\/{rel}","templated":true}]}}