{"id":2020,"date":"2025-06-05T12:45:34","date_gmt":"2025-06-05T10:45:34","guid":{"rendered":"https:\/\/fizyka.ujk.edu.pl\/?p=2020"},"modified":"2025-12-11T21:39:05","modified_gmt":"2025-12-11T20:39:05","slug":"wyroznienie-dla-studentki-instytutu-fizyki-na-konferencji-w-rzeszowie","status":"publish","type":"post","link":"https:\/\/fizyka.ujk.edu.pl\/index.php\/2025\/06\/05\/wyroznienie-dla-studentki-instytutu-fizyki-na-konferencji-w-rzeszowie\/","title":{"rendered":"Wyr\u00f3\u017cnienie dla studentki Instytutu Fizyki na konferencji w Rzeszowie"},"content":{"rendered":"<p>W dniach 29\u201330 maja 2025 r. odby\u0142a si\u0119 XVIII Rzeszowska Konferencja M\u0142odych Fizyk\u00f3w, organizowana przez Uniwersytet Rzeszowski. W wydarzeniu wzi\u0119li udzia\u0142 studenci Instytutu Fizyki UJK, reprezentuj\u0105cy Studenckie Ko\u0142o Naukowe \u201eNeutrino\u201d:<\/p>\n<p>Oliwia Sob\u00f3l \u2013 Badanie zawarto\u015bci pierwiastk\u00f3w w paznokciach kobiet i m\u0119\u017cczyzn za pomoc\u0105 rentgenowskiej analizy fluorescencyjnej z ca\u0142kowitym odbiciem wi\u0105zki padaj\u0105cej (TXRF) (opiekun: dr Ilona Stabrawa) \u2013 <strong>nagroda za najlepszy poster konferencji,<\/strong><\/p>\n<p>Natalia Jagie\u0142o \u2013 Badanie w\u0142a\u015bciwo\u015bci fizykochemicznych lek\u00f3w z u\u017cyciem proszkowej dyfrakcji rentgenowskiej (XRPD) (opiekun: dr Ilona Stabrawa),<\/p>\n<p>Aleksandra Krzemie\u0144, Piotr Terlecki \u2013 Analiza zawarto\u015bci pierwiastk\u00f3w w surowicy krwi pacjent\u00f3w z RA i OA (opiekun: dr Ilona Stabrawa),<\/p>\n<p>Natalia Wojta\u015b \u2013 Mo\u017cliwo\u015bci aplikacyjne rentgenowskiej analizy fluorescencyjnej z ca\u0142kowitym odbiciem wi\u0105zki padaj\u0105cej (TXRF) w diagnostyce sk\u0142adu pierwiastkowego pr\u00f3bek ludzkiego materia\u0142u biologicznego (opiekun: dr hab. Aldona Kubala-Kuku\u015b, prof. UJK).<\/p>\n<p>Gratulujemy wszystkim Autorom znakomitych prezentacji!<\/p>\n<p>Wyjazd student\u00f3w zosta\u0142 dofinansowany ze \u015brodk\u00f3w Ministra Nauki w ramach Programu &#8222;Regionalna Inicjatywa Doskona\u0142o\u015bci&#8221; (nr projektu: RID\/SP\/0015\/2024\/01), zadanie 5: Zapewnienie odpowiedniej jako\u015bci edukacji, punkt 5 &#8211; dofinansowanie udzia\u0142u student\u00f3w w krajowych i zagranicznych konferencjach naukowych.<\/p>\n","protected":false},"excerpt":{"rendered":"<p>W dniach 29\u201330 maja 2025 r. odby\u0142a si\u0119 XVIII Rzeszowska Konferencja M\u0142odych Fizyk\u00f3w, organizowana przez Uniwersytet Rzeszowski. W wydarzeniu wzi\u0119li udzia\u0142 studenci Instytutu Fizyki UJK, reprezentuj\u0105cy Studenckie Ko\u0142o Naukowe \u201eNeutrino\u201d: Oliwia Sob\u00f3l \u2013 Badanie zawarto\u015bci pierwiastk\u00f3w w paznokciach kobiet i m\u0119\u017cczyzn za pomoc\u0105 rentgenowskiej analizy fluorescencyjnej z ca\u0142kowitym odbiciem wi\u0105zki padaj\u0105cej (TXRF) (opiekun: dr Ilona [&hellip;]<\/p>\n","protected":false},"author":1,"featured_media":2021,"comment_status":"closed","ping_status":"open","sticky":false,"template":"","format":"standard","meta":{"footnotes":""},"categories":[21,11,23],"tags":[],"class_list":["post-2020","post","type-post","status-publish","format-standard","has-post-thumbnail","hentry","category-duzy-lewa","category-informacje","category-napis"],"_links":{"self":[{"href":"https:\/\/fizyka.ujk.edu.pl\/index.php\/wp-json\/wp\/v2\/posts\/2020","targetHints":{"allow":["GET"]}}],"collection":[{"href":"https:\/\/fizyka.ujk.edu.pl\/index.php\/wp-json\/wp\/v2\/posts"}],"about":[{"href":"https:\/\/fizyka.ujk.edu.pl\/index.php\/wp-json\/wp\/v2\/types\/post"}],"author":[{"embeddable":true,"href":"https:\/\/fizyka.ujk.edu.pl\/index.php\/wp-json\/wp\/v2\/users\/1"}],"replies":[{"embeddable":true,"href":"https:\/\/fizyka.ujk.edu.pl\/index.php\/wp-json\/wp\/v2\/comments?post=2020"}],"version-history":[{"count":6,"href":"https:\/\/fizyka.ujk.edu.pl\/index.php\/wp-json\/wp\/v2\/posts\/2020\/revisions"}],"predecessor-version":[{"id":2295,"href":"https:\/\/fizyka.ujk.edu.pl\/index.php\/wp-json\/wp\/v2\/posts\/2020\/revisions\/2295"}],"wp:featuredmedia":[{"embeddable":true,"href":"https:\/\/fizyka.ujk.edu.pl\/index.php\/wp-json\/wp\/v2\/media\/2021"}],"wp:attachment":[{"href":"https:\/\/fizyka.ujk.edu.pl\/index.php\/wp-json\/wp\/v2\/media?parent=2020"}],"wp:term":[{"taxonomy":"category","embeddable":true,"href":"https:\/\/fizyka.ujk.edu.pl\/index.php\/wp-json\/wp\/v2\/categories?post=2020"},{"taxonomy":"post_tag","embeddable":true,"href":"https:\/\/fizyka.ujk.edu.pl\/index.php\/wp-json\/wp\/v2\/tags?post=2020"}],"curies":[{"name":"wp","href":"https:\/\/api.w.org\/{rel}","templated":true}]}}