{"id":1896,"date":"2025-03-28T11:58:37","date_gmt":"2025-03-28T10:58:37","guid":{"rendered":"https:\/\/fizyka.ujk.edu.pl\/?p=1896"},"modified":"2025-04-09T11:15:45","modified_gmt":"2025-04-09T09:15:45","slug":"1896","status":"publish","type":"post","link":"https:\/\/fizyka.ujk.edu.pl\/index.php\/2025\/03\/28\/1896\/","title":{"rendered":"Otwarte Seminarium Naukowe"},"content":{"rendered":"<!-- Added by Post\/Page specific custom CSS plugin, thank you for using! -->\n<style>h1, h2, h3 {\r\n      text-align: center;\r\n      margin-top: 0;\r\n    }\r\n\r\n    .info {\r\n      margin-bottom: 20px;\r\n    }\r\n    .info p {\r\n      margin: 5px 0;\r\n    }\r\n\r\n    .abstract {\r\n      margin-top: 20px;\r\n    }\r\n\r\n    .large-separator,\r\n    .line-separator {\r\n      margin-top: 40px;\r\n      margin-bottom: 40px;\r\n      border: none;\r\n      border-top: 2px solid #ccc;\r\n    }\r\n\r\n    \/* Obrazek z oblewaniem tre\u015bci *\/\r\n    .portrait {\r\n      float: left;             \/* oblewanie przez tekst z prawej strony *\/\r\n      margin-right: 20px;      \/* odst\u0119p z prawej dla tekstu *\/\r\n      margin-bottom: 20px;     \/* odst\u0119p od do\u0142u, \u017ceby nie zlewa\u0142o si\u0119 z tekstem pod spodem *\/\r\n      max-width: 200px;        \/* maksymalna szeroko\u015b\u0107 zdj\u0119cia *\/\r\n    }\r\n\r\n    \/* Czytelne wyr\u00f3\u017cnienie informacji u do\u0142u *\/\r\n    .footer-info {\r\n      margin-top: 40px;\r\n      font-style: italic;\r\n      text-align: center;\r\n    }<\/style>\n<p>&nbsp;<\/p>\n<h1>Otwarte Seminarium Naukowe<\/h1>\n<div class=\"info\">\n<p><strong>Data:<\/strong> 3 kwietnia 2025 roku (czwartek), godz. 13:00<\/p>\n<p><strong>Miejsce:<\/strong> Sala 143 (Instytut Fizyki), Wydzia\u0142 Nauk \u015acis\u0142ych i Przyrodniczych, Uniwersytet Jana Kochanowskiego w Kielcach<\/p>\n<p><strong>Prelegent:<\/strong> prof. dr hab. Adam Kisiel<\/p>\n<\/div>\n<h2>Energetyka j\u0105drowa w Polsce z punktu widzenia Uczelni<\/h2>\n<div class=\"abstract\">\n<h3>Streszczenie<\/h3>\n<p style=\"text-align: left;\">&#8222;W trakcie seminarium przedstawi\u0119 aktualny stan polskiego programu j\u0105drowego w kontek\u015bcie potrzeb krajowych oraz sytuacji przemys\u0142u j\u0105drowego w Europie i na \u015bwiecie. Om\u00f3wi\u0119 realizowane, planowane i og\u0142oszone projekty dotycz\u0105ce energetyki j\u0105drowej z punktu widzenia ich stopnia zaawansowania oraz rozwa\u017canej technologii. Przedstawi\u0119 te\u017c pokr\u00f3tce g\u0142\u00f3wnych interesariszy polskiego programu j\u0105drowego oraz ich rol\u0119 w jego wdra\u017caniu. Bardziej szczeg\u00f3\u0142owo om\u00f3wi\u0119 rol\u0119, jak\u0105 w tym procesie odgrywaj\u0105 polskie uczelnie. Pokr\u00f3tce om\u00f3wi\u0119 ju\u017c realizowane dzia\u0142ania oraz przedstawi\u0119 mo\u017cliwo\u015bci w\u0142\u0105czenia przez nowe Uczelnie w proces dydaktyczny i naukowy zwi\u0105zany z energetyk\u0105 i przemys\u0142em j\u0105drowym.\u201d<\/p>\n<\/div>\n<hr class=\"large-separator\" \/>\n<p><!-- Zdj\u0119cie (float: left) z Wikipedii lub innego \u017ar\u00f3d\u0142a, oblewane przez tekst --><br \/>\n<img decoding=\"async\" class=\"portrait\" src=\"https:\/\/fizyka.ujk.edu.pl\/wp-content\/uploads\/2025\/03\/kisiel.jpg\" \/><\/p>\n<p>Prof. dr hab. Adam Kisiel jest absolwentem Wydzia\u0142u Fizyki Politechniki Warszawskiej, zatrudnionym na tym samym wydziale w Zak\u0142adzie Fizyki J\u0105drowej od 2005 r. Jego prace badawcze dotycz\u0105 szeroko poj\u0119tej fizyki j\u0105drowej, a w szczeg\u00f3lno\u015bci fizyki zderze\u0144 ci\u0119\u017ckich jon\u00f3w. Specjalizuje si\u0119 w tematyce korelacji cz\u0105stek, badania diagramu fazowego materii j\u0105drowej oraz w\u0142asno\u015bci plazmy kwarkowo-gluonowej. Kieruje grup\u0105 badawcz\u0105 w ramach Pracowni Reakcji Ci\u0119\u017ckich Jon\u00f3w, uczestnicz\u0105c\u0105 w du\u017cych mi\u0119dzynarodowych wsp\u00f3\u0142pracach naukowych klasy Big Science, takich jak eksperyment ALICE w CERN, czy eksperyment STAR w Brookhaven National Laboraory. Odby\u0142 kilkuletnie sta\u017ce zagraniczne: w Ohio State University, w laboratorium CERN oraz w Zjednoczonym Instytucie Bada\u0144 J\u0105drowych, gdzie w roku 2021 pe\u0142ni\u0142 funkcj\u0119 Zast\u0119pcy Dyrektora Laboratorium Fizyki Wysokich Energii. Od wielu lat prowadzi zaj\u0119cia dydaktyczne dla student\u00f3w PW w dziedzinie eksperymentalnej fizyki j\u0105drowej, kszta\u0142c\u0105c m\u0142odych specjalist\u00f3w na potrzeby polskiego przemys\u0142u j\u0105drowego. W ramach Politechniki Warszawskiej organizuje dzia\u0142ania \u015brodowiska zajmuj\u0105cego si\u0119 fizyk\u0105 wysokich energii, w szczeg\u00f3lno\u015bci pe\u0142ni funkcj\u0119 Przewodnicz\u0105cego Rady Centrum Badawczego Fizyka Wysokich Energii i Techniki Eksperymentu, dzia\u0142aj\u0105cego w ramach projektu Inicjatywa Doskona\u0142o\u015bci \u2013 Uczelnia Badawcza. W roku 2023 zosta\u0142 powo\u0142any na Pe\u0142nomocnika JM Rektora PW d.s. energetyki j\u0105drowej.<\/p>\n<div style=\"clear: both;\"><\/div>\n<hr class=\"line-separator\" \/>\n<p class=\"footer-info\">Zapraszamy student\u00f3w, doktorant\u00f3w, pracownik\u00f3w uczelni oraz wszystkich zainteresowanych nauk\u0105.<br \/>\nWst\u0119p na seminarium jest wolny.<\/p>\n","protected":false},"excerpt":{"rendered":"<p>&nbsp; Otwarte Seminarium Naukowe Data: 3 kwietnia 2025 roku (czwartek), godz. 13:00 Miejsce: Sala 143 (Instytut Fizyki), Wydzia\u0142 Nauk \u015acis\u0142ych i Przyrodniczych, Uniwersytet Jana Kochanowskiego w Kielcach Prelegent: prof. dr hab. Adam Kisiel Energetyka j\u0105drowa w Polsce z punktu widzenia Uczelni Streszczenie &#8222;W trakcie seminarium przedstawi\u0119 aktualny stan polskiego programu j\u0105drowego w kontek\u015bcie potrzeb krajowych [&hellip;]<\/p>\n","protected":false},"author":1,"featured_media":1897,"comment_status":"closed","ping_status":"open","sticky":false,"template":"page.php","format":"standard","meta":{"footnotes":""},"categories":[1],"tags":[],"class_list":["post-1896","post","type-post","status-publish","format-standard","has-post-thumbnail","hentry","category-bez-kategorii"],"_links":{"self":[{"href":"https:\/\/fizyka.ujk.edu.pl\/index.php\/wp-json\/wp\/v2\/posts\/1896","targetHints":{"allow":["GET"]}}],"collection":[{"href":"https:\/\/fizyka.ujk.edu.pl\/index.php\/wp-json\/wp\/v2\/posts"}],"about":[{"href":"https:\/\/fizyka.ujk.edu.pl\/index.php\/wp-json\/wp\/v2\/types\/post"}],"author":[{"embeddable":true,"href":"https:\/\/fizyka.ujk.edu.pl\/index.php\/wp-json\/wp\/v2\/users\/1"}],"replies":[{"embeddable":true,"href":"https:\/\/fizyka.ujk.edu.pl\/index.php\/wp-json\/wp\/v2\/comments?post=1896"}],"version-history":[{"count":8,"href":"https:\/\/fizyka.ujk.edu.pl\/index.php\/wp-json\/wp\/v2\/posts\/1896\/revisions"}],"predecessor-version":[{"id":1905,"href":"https:\/\/fizyka.ujk.edu.pl\/index.php\/wp-json\/wp\/v2\/posts\/1896\/revisions\/1905"}],"wp:featuredmedia":[{"embeddable":true,"href":"https:\/\/fizyka.ujk.edu.pl\/index.php\/wp-json\/wp\/v2\/media\/1897"}],"wp:attachment":[{"href":"https:\/\/fizyka.ujk.edu.pl\/index.php\/wp-json\/wp\/v2\/media?parent=1896"}],"wp:term":[{"taxonomy":"category","embeddable":true,"href":"https:\/\/fizyka.ujk.edu.pl\/index.php\/wp-json\/wp\/v2\/categories?post=1896"},{"taxonomy":"post_tag","embeddable":true,"href":"https:\/\/fizyka.ujk.edu.pl\/index.php\/wp-json\/wp\/v2\/tags?post=1896"}],"curies":[{"name":"wp","href":"https:\/\/api.w.org\/{rel}","templated":true}]}}