{"id":1481,"date":"2024-09-24T13:34:22","date_gmt":"2024-09-24T11:34:22","guid":{"rendered":"https:\/\/fizyka.ujk.edu.pl\/?p=1481"},"modified":"2024-09-24T13:34:22","modified_gmt":"2024-09-24T11:34:22","slug":"xxiv-ogolnopolskie-forum-nauczycieli-przedmiotow-przyrodniczych","status":"publish","type":"post","link":"https:\/\/fizyka.ujk.edu.pl\/index.php\/2024\/09\/24\/xxiv-ogolnopolskie-forum-nauczycieli-przedmiotow-przyrodniczych\/","title":{"rendered":"XXIV Og\u00f3lnopolskie Forum Nauczycieli Przedmiot\u00f3w Przyrodniczych"},"content":{"rendered":"<p>W dniu 22 wrze\u015bnia 2024 roku dr Ilona Stabrawa wzi\u0119\u0142a udzia\u0142 w XXIV Og\u00f3lnopolskim Forum Nauczycieli Przedmiot\u00f3w Przyrodniczych, kt\u00f3re odby\u0142o si\u0119 na Wydziale Nauk \u015acis\u0142ych i Przyrodniczych UJK. Podczas wydarzenia odby\u0142y si\u0119 wyk\u0142ady i warsztaty dotycz\u0105ce nauk przyrodniczych. Dr Stabrawa zaprezentowa\u0142a wyk\u0142ad pt. \u201eJak zainspirowa\u0107 uczni\u00f3w do nauki fizyki atomowej i nanofizyki\u201d oraz poprowadzi\u0142a warsztaty pt. \u201eAnaliza pierwiastkowa odcisku palca\u201d. Wydarzenie zgromadzi\u0142o 60 nauczycieli z ca\u0142ego kraju. Wsp\u00f3\u0142organizatorami wydarzenia byli: Instytut Geografii i Nauk o \u015arodowisku, Polskie Towarzystwo Geograficzne oraz jego Oddzia\u0142 Kielecki.<\/p>\n","protected":false},"excerpt":{"rendered":"<p>W dniu 22 wrze\u015bnia 2024 roku dr Ilona Stabrawa wzi\u0119\u0142a udzia\u0142 w XXIV Og\u00f3lnopolskim Forum Nauczycieli Przedmiot\u00f3w Przyrodniczych, kt\u00f3re odby\u0142o si\u0119 na Wydziale Nauk \u015acis\u0142ych i Przyrodniczych UJK. Podczas wydarzenia odby\u0142y si\u0119 wyk\u0142ady i warsztaty dotycz\u0105ce nauk przyrodniczych. Dr Stabrawa zaprezentowa\u0142a wyk\u0142ad pt. \u201eJak zainspirowa\u0107 uczni\u00f3w do nauki fizyki atomowej i nanofizyki\u201d oraz poprowadzi\u0142a warsztaty [&hellip;]<\/p>\n","protected":false},"author":1,"featured_media":1482,"comment_status":"closed","ping_status":"open","sticky":false,"template":"","format":"standard","meta":{"footnotes":""},"categories":[8],"tags":[],"class_list":["post-1481","post","type-post","status-publish","format-standard","has-post-thumbnail","hentry","category-aktualnosci"],"_links":{"self":[{"href":"https:\/\/fizyka.ujk.edu.pl\/index.php\/wp-json\/wp\/v2\/posts\/1481","targetHints":{"allow":["GET"]}}],"collection":[{"href":"https:\/\/fizyka.ujk.edu.pl\/index.php\/wp-json\/wp\/v2\/posts"}],"about":[{"href":"https:\/\/fizyka.ujk.edu.pl\/index.php\/wp-json\/wp\/v2\/types\/post"}],"author":[{"embeddable":true,"href":"https:\/\/fizyka.ujk.edu.pl\/index.php\/wp-json\/wp\/v2\/users\/1"}],"replies":[{"embeddable":true,"href":"https:\/\/fizyka.ujk.edu.pl\/index.php\/wp-json\/wp\/v2\/comments?post=1481"}],"version-history":[{"count":1,"href":"https:\/\/fizyka.ujk.edu.pl\/index.php\/wp-json\/wp\/v2\/posts\/1481\/revisions"}],"predecessor-version":[{"id":1483,"href":"https:\/\/fizyka.ujk.edu.pl\/index.php\/wp-json\/wp\/v2\/posts\/1481\/revisions\/1483"}],"wp:featuredmedia":[{"embeddable":true,"href":"https:\/\/fizyka.ujk.edu.pl\/index.php\/wp-json\/wp\/v2\/media\/1482"}],"wp:attachment":[{"href":"https:\/\/fizyka.ujk.edu.pl\/index.php\/wp-json\/wp\/v2\/media?parent=1481"}],"wp:term":[{"taxonomy":"category","embeddable":true,"href":"https:\/\/fizyka.ujk.edu.pl\/index.php\/wp-json\/wp\/v2\/categories?post=1481"},{"taxonomy":"post_tag","embeddable":true,"href":"https:\/\/fizyka.ujk.edu.pl\/index.php\/wp-json\/wp\/v2\/tags?post=1481"}],"curies":[{"name":"wp","href":"https:\/\/api.w.org\/{rel}","templated":true}]}}